{"id":3257,"date":"2020-08-02T21:10:07","date_gmt":"2020-08-02T21:10:07","guid":{"rendered":"https:\/\/www.physio-network.com\/es\/?p=3257"},"modified":"2021-11-04T19:53:50","modified_gmt":"2021-11-04T19:53:50","slug":"ejercicios-correctivos-que-estamos-corrigiendo-realmente","status":"publish","type":"post","link":"https:\/\/www.physio-network.com\/es\/blog\/ejercicios-correctivos-que-estamos-corrigiendo-realmente\/","title":{"rendered":"Ejercicios correctivos, \u00bfqu\u00e9 estamos corrigiendo realmente?"},"content":{"rendered":"<p class=\"text\">Por alguna raz\u00f3n sigo recibiendo correos electr\u00f3nicos ensalzando las virtudes del \u00abejercicio correctivo\u00bb. Cada vez que escucho el t\u00e9rmino \u00abejercicio correctivo\u00bb la pregunta que siempre me viene a la cabeza es \u00ab\u00bfqu\u00e9 demonios estamos corrigiendo?\u00bb especialmente porque el ejercicio \u00abcorrectivo\u00bb a menudo se promociona como un alivio o eliminaci\u00f3n del dolor y la prevenci\u00f3n de lesiones.<\/p>\n<p class=\"text\">En los \u00faltimos a\u00f1os, al profundizar en la investigaci\u00f3n sobre el movimiento, la postura, el dolor, contracci\u00f3n muscular, etc. una cosa que es consistente es que no hay demasiadas \u00abcorrecciones\u00bb bien definidas que podamos usar para \u00abcorregir\u00bb.<\/p>\n<p class=\"text\">Seguramente para embarcarse con confianza en lo que sientes que es una estrategia \u00abcorrectiva\u00bb tendr\u00edas que tener evidencia objetiva de lo que es \u00abcorrecto\u00bb y evidencia de que la desviaci\u00f3n de este \u00abcorrecto\u00bb es la causa de lo que est\u00e1s tratando de curar o prevenir. \u00bfQuiz\u00e1s estoy siendo demasiado anal\u00edtico aqu\u00ed?<\/p>\n<p class=\"text\">Uno de los conceptos subyacentes que aparecer\u00eda en el campo del \u00abejercicio correctivo\u00bb es que necesitamos tener una \u00abbuena\u00bb postura y m\u00fasculos \u00abequilibrados\u00bb. Una cosa que rara vez veo explicada adecuadamente es c\u00f3mo estas posturas o desequilibrios llevan realmente a un dolor agudo o cr\u00f3nico y los mecanismos implicados. Este alarmismo es pesado en el melodrama y ligero en la evidencia.<\/p>\n<p class=\"text\">\u00bfDe d\u00f3nde viene este m\u00e1gico concepto? No conozco una definici\u00f3n consensuada de \u00abbuena postura\u00bb que podamos usar objetivamente para luego definir \u00abmala\u00bb y luego \u00abcorrecta\u00bb. Parecemos f\u00e1cilmente seducidos por complejas teor\u00edas anat\u00f3micas sobre \u00abcorregir\u00bb y \u00abneutral\u00bb que a menudo no est\u00e1n realmente apoyadas por la evidencia disponible. \u00bfQuiz\u00e1s deber\u00edamos aplicar este escrutinio a muchas de las ideas que proponen la desviaci\u00f3n de lo \u00abcorrecto\u00bb como la causa del dolor?<\/p>\n<p class=\"text\">Incluso antes de que veamos cualquier evidencia, deber\u00edamos ver la plausibilidad cient\u00edfica b\u00e1sica de la idea.<\/p>\n<h4>Ciencia b\u00e1sica<\/h4>\n<p class=\"text\">Parte del proceso de dolor que se origina en un tejido espec\u00edfico, como un m\u00fasculo, se produce por la estimulaci\u00f3n de los nociceptores contenidos en el tejido. \u00a1Los nociceptores son receptores que perciben est\u00edmulos! Codifican este est\u00edmulo y luego transmiten este mensaje al cerebro a trav\u00e9s de la m\u00e9dula espinal. El cerebro decide entonces si esta informaci\u00f3n que recibe es suficiente para convertirse en la experiencia o la salida del dolor. Tenemos que apreciar que esta informaci\u00f3n del tejido puede no ser suficiente por s\u00ed sola para ser traducida en la percepci\u00f3n del dolor.<\/p>\n<p class=\"text\">Algunos nociceptores pueden ser polimodales, es decir, perciben est\u00edmulos mec\u00e1nicos, qu\u00edmicos y t\u00e9rmicos que podr\u00edan causar una amenaza para el tejido, otros s\u00f3lo perciben un \u00fanico est\u00edmulo y algunos son r\u00e1pidos en el env\u00edo de informaci\u00f3n y otros son lentos.<\/p>\n<p class=\"text\">Los nociceptores tienen un umbral alto, lo que significa que el est\u00edmulo requerido para que env\u00eden una se\u00f1al al cerebro tiene que ser bastante alto. Esto tiene mucho sentido porque si los nociceptores tuvieran un umbral bajo para un est\u00edmulo, entonces estar\u00edan saltando y envi\u00e1ndo se\u00f1ales todo el tiempo y la vida se convertir\u00eda en una experiencia bastante dolorosa.<\/p>\n<p class=\"text\">Estos niveles de sensibilidad pueden alterarse y podemos verlo en personas con dolor persistente y tambi\u00e9n cuando el estado del tejido cambia, como en los per\u00edodos de inflamaci\u00f3n y la cascada qu\u00edmica resultante que se produce.<\/p>\n<p class=\"text\">Si pensamos en personas con un estado tisular normal, entonces las \u00abmalas\u00bb desviaciones posturales proporcionar\u00e1n un est\u00edmulo mec\u00e1nico al tejido que en realidad es muy bajo, mucho m\u00e1s de una posici\u00f3n que de un movimiento. Es muy probable que el est\u00edmulo mec\u00e1nico no alcance el nivel requerido para activar los receptores dise\u00f1ados para percibir un alto est\u00edmulo y luego transmitirlo de vuelta al cerebro.<\/p>\n<p class=\"text\">Ahora bien, se podr\u00eda formular la hip\u00f3tesis de que un est\u00edmulo mec\u00e1nico de bajo nivel prolongado podr\u00eda crear dolor, la pregunta es: \u00bftenemos la evidencia necesaria para sugerir que un est\u00edmulo mec\u00e1nico de bajo nivel persistente puede activar un receptor de umbral alto?<\/p>\n<p class=\"text\">Otra teor\u00eda es que una mala postura a largo plazo conduce a un da\u00f1o en los tejidos que luego causa nocicepci\u00f3n. Desafortunadamente, esto tampoco parece ser suficiente. Si el desgaste de nuestros tejidos fuera simplemente la causa del dolor, entonces no ver\u00edamos a muchas personas asintom\u00e1ticas con da\u00f1os o degeneraci\u00f3n en los tejidos\u2026 \u00a1pero los vemos!<\/p>\n<p class=\"text\">Este estudio de im\u00e1genes de la columna vertebral *<a href=\"https:\/\/www.ncbi.nlm.nih.gov\/pubmed\/25430861\" target=\"_blank\" rel=\"noopener\">Pincha Aqu\u00ed<\/a>* estim\u00f3 que la prevalencia de la degeneraci\u00f3n del disco era del 52% para los sujetos asintom\u00e1ticos de 30 a\u00f1os, aumentando hasta el 80% para los sujetos de 50 a\u00f1os. El desgaste de nuestros tejidos es el mismo que el de las canas, la calvicie o las arrugas, pero es menos evidente porque no es externo. Tu cerebro puede que no reconozca esto como una amenaza.<\/p>\n<p class=\"text\">\u00bfCu\u00e1nta gente tiene lo que se podr\u00eda considerar como posturas \u00abpobres\u00bb y nunca desarrollan ning\u00fan dolor? Apuesto a que puedes pensar en bastantes personas que conoces. Volviendo al principio del art\u00edculo, recordar\u00e1s que la nocicepci\u00f3n del tejido por s\u00ed sola no es suficiente para la percepci\u00f3n del dolor.<\/p>\n<p style=\"text-align: center;\"><a class=\"js-single-image-lightbox\" href=\"https:\/\/www.physio-network.com\/es\/wp-content\/uploads\/sites\/2\/2020\/07\/old.jpg\"><img decoding=\"async\" src=\"https:\/\/www.physio-network.com\/es\/wp-content\/uploads\/sites\/2\/2020\/07\/old.jpg\" alt=\"image\" \/><\/a><\/p>\n<h4>SOMOS ADAPTABLES<\/h4>\n<p class=\"text\">Los tejidos son incre\u00edbles para adaptarse a cargas mayores. De hecho, si vas al gimnasio, eso es exactamente lo que le pides a tus tejidos que hagan, adaptarse a una carga mayor. Estas cargas ser\u00e1n mucho m\u00e1s altas y en rangos articulares m\u00e1s extremos que tu mala postura promedio.<\/p>\n<p style=\"text-align: center;\"><a class=\"js-single-image-lightbox\" href=\"https:\/\/www.physio-network.com\/es\/wp-content\/uploads\/sites\/2\/2020\/07\/muscle.jpg\"><img decoding=\"async\" src=\"https:\/\/www.physio-network.com\/es\/wp-content\/uploads\/sites\/2\/2020\/07\/muscle.jpg\" alt=\"image\" \/><\/a><\/p>\n<p class=\"text\">Lo mismo puede ser cierto cuando hablamos de un m\u00fasculo que est\u00e1 \u00absobrecargado\u00bb y fatigado por una postura defectuosa como fuente de dolor. Seguramente con el tiempo el m\u00fasculo se adaptar\u00eda al nivel de resistencia requerido para cumplir con las exigencias de la tarea. \u00a1Un poco como el entrenamiento para un marat\u00f3n! Tambi\u00e9n se ha discutido que tenemos que alternar el reclutamiento de las fibras musculares dentro de los m\u00fasculos para evitar la fatiga.<\/p>\n<p class=\"text\">El sistema biol\u00f3gico humano tiene la capacidad de adaptarse y repararse a s\u00ed mismo. Tenemos grandes tolerancias y variaciones tanto en la anatom\u00eda como en la funci\u00f3n. El paradigma \u00abcorrectivo\u00bb parece asumir una fragilidad inherente con las m\u00e1s peque\u00f1as desviaciones causando grandes problemas.<\/p>\n<p class=\"text\">Ciertamente parece que tenemos un conjunto de pruebas que sugieren que las personas con dolor persistente no tienen posturas muy diferentes de las que no sufren dolor.<\/p>\n<p class=\"text\">Aqu\u00ed vemos que las posturas de la columna cervical no difieren entre las personas con y sin dolor de cuello *<a href=\"https:\/\/cor-kinetic.com\/corrective-exercise-what-are-we-correcting\/%20http:\/\/www.ncbi.nlm.nih.gov\/pmc\/articles\/PMC2213543\/\" target=\"_blank\" rel=\"noopener\">Pincha Aqu\u00ed<\/a>*<\/p>\n<p class=\"text\">No hubo diferencia en este estudio de lordosis lumbar de los que ten\u00edan dolor de espalda y los que no *<a href=\"https:\/\/www.ncbi.nlm.nih.gov\/pubmed\/12589669\" target=\"_blank\" rel=\"noopener\">Pincha Aqu\u00ed<\/a>*<\/p>\n<p class=\"text\">Reun\u00ed algunas de las pruebas sobre la postura y el dolor en este blog *<a href=\"https:\/\/cor-kinetic.com\/corrective-exercise-what-are-we-correcting\/%20https:\/\/cor-kinetic.com\/do-you-need-your-joints-to-be-centered-does-it-really-matter\/\" target=\"_blank\" rel=\"noopener\">Pincha Aqu\u00ed<\/a>*<\/p>\n<p class=\"text\">Seguramente si la postura, el dolor y el da\u00f1o de los tejidos estuvieran estrechamente correlacionados, ver\u00edamos esto reflejado clara y consistentemente en la base de la evidencia. Podr\u00edamos entonces hacer un buen caso para un programa de \u00abejercicio correctivo\u00bb pero desafortunadamente no lo hacemos.<\/p>\n<p class=\"text\">Otra causa propuesta de dolor por mala postura es el continuo estr\u00e9s de los tejidos y la subsiguiente inflamaci\u00f3n. \u00bfTenemos pruebas s\u00f3lidas de que una \u00abmala\u00bb postura conduce a un estado inflamatorio del tejido que podr\u00eda provocar dolor? Si est\u00e1s leyendo esto y tienes alguna, entonces por favor env\u00edamelas.<\/p>\n<p class=\"text\">De nuevo, seguramente si las desviaciones posturales creasen una inflamaci\u00f3n y un cambio en el estado qu\u00edmico del tejido, entonces ver\u00edamos una correlaci\u00f3n m\u00e1s consistente entre las personas con una \u00abmala\u00bb postura y el dolor.<\/p>\n<p class=\"text\">\u00bfEs el prolongado est\u00edmulo mec\u00e1nico de bajo nivel propuesto suficiente para desencadenar una respuesta inflamatoria? Si miramos el excelente modelo de Dye de \u00abhomeostasis tisular\u00bb *<a href=\"https:\/\/www.ncbi.nlm.nih.gov\/pubmed\/15995427\" target=\"_blank\" rel=\"noopener\">Pincha Aqu\u00ed<\/a>* entonces el est\u00edmulo tendr\u00eda que ser lo suficientemente grande como para exceder la zona de carga normal tolerable y entrar en la zona de carga suprafisiol\u00f3gica interrumpiendo los procesos fisiol\u00f3gicos normales del cuerpo, no estoy convencido de que lo haga.<\/p>\n<p class=\"text\">Las posiciones posturales adoptadas por per\u00edodos prolongados ciertamente podr\u00edan influir negativamente en los nervios a trav\u00e9s de la tensi\u00f3n y la compresi\u00f3n del propio nervio y a trav\u00e9s de las fuerzas aplicadas al nervio por la contracci\u00f3n muscular prolongada.<\/p>\n<p class=\"text\">Esto puede afectar al flujo sangu\u00edneo intra-neural y los nervios son especialmente sensibles a las disminuciones de ox\u00edgeno y a la isquemia resultante con un PH tisular bajo asociado (acidosis) que puede producirse por la reducci\u00f3n del flujo sangu\u00edneo. El nervio sensibilizado puede entonces ser activado para enviar se\u00f1ales de peligro.<\/p>\n<p class=\"text\">Esto podr\u00eda suceder en realidad a CUALQUIER postura que adoptemos durante un per\u00edodo de tiempo prolongado. Podr\u00eda ser una postura encorvada o lo que podr\u00edamos describir como una \u00abbuena\u00bb postura. El factor principal ser\u00eda que la postura se mantiene durante mucho tiempo, no realmente la posici\u00f3n que adoptamos. En lugar de la postura, ser\u00eda la falta de MOVIMIENTO lo que es problem\u00e1tico.<\/p>\n<p class=\"text\">Por eso, despu\u00e9s de estar sentados durante mucho tiempo, a menudo tenemos que levantarnos y movernos. Nos sentimos r\u00edgidos e irritables y necesitamos bombear y fluir a nuestros tejidos para impulsar m\u00e1s de lo bueno y eliminar lo malo. A menudo nos levantamos, nos movemos un poco y nos sentimos mucho mejor, \u00a1es s\u00f3lo un sistema b\u00e1sico de advertencia para moverse!<\/p>\n<p class=\"text\">En esta situaci\u00f3n CUALQUIER movimiento podr\u00eda ayudar sin necesidad de que sea \u00abcorrecto\u00bb o \u00abcorrector\u00bb.<\/p>\n<h4>Desequilibrios musculares<\/h4>\n<p class=\"text\">Uno de los culpables de una mala postura que a menudo escucho es un \u00abdesequilibrio muscular\u00bb, un m\u00fasculo que es m\u00e1s fuerte que otro alrededor de una articulaci\u00f3n que lo saca de la posici\u00f3n \u00abcorrecta\u00bb.<\/p>\n<p class=\"text\">\u00a1Me imagino esto como un tira y afloja!<\/p>\n<p style=\"text-align: center;\"><a class=\"js-single-image-lightbox\" href=\"https:\/\/www.physio-network.com\/es\/wp-content\/uploads\/sites\/2\/2020\/07\/tug-of-war.jpg\"><img decoding=\"async\" src=\"https:\/\/www.physio-network.com\/es\/wp-content\/uploads\/sites\/2\/2020\/07\/tug-of-war.jpg\" alt=\"image\" \/><\/a><\/p>\n<p class=\"text\">Una pregunta que me viene a la mente es que, en una situaci\u00f3n que requiere un peque\u00f1o porcentaje de fuerza contr\u00e1ctil, \u00bfesta diferencia de fuerza se har\u00eda evidente?<\/p>\n<p class=\"text\">Durante las contracciones isom\u00e9tricas de bajo nivel empleadas para mantener una postura se estima que utilizamos entre el 4 y el 7% de MVC (contracci\u00f3n voluntaria m\u00e1xima). (La ergonom\u00eda de las posturas de trabajo P142, Corlett E et al 1985)<\/p>\n<p class=\"text\">Tal vez s\u00f3lo por encima del umbral entre 4 y 7% la diferencia de fuerza de un m\u00fasculo \u00abganar\u00eda\u00bb la batalla. En un nivel m\u00e1s bajo de exigencia, tal vez simplemente se equilibren entre s\u00ed, como si se tratara de un tira y afloja. Entonces, \u00bfser\u00eda probable que el desequilibrio de la fuerza llevara a cambios de postura cuando se requieren niveles tan bajos de MVC para mantener una postura?<\/p>\n<p class=\"text\">Nuestra postura tambi\u00e9n est\u00e1 influenciada por un n\u00famero de sistemas diferentes como los sistemas visuales y vestibulares, no s\u00f3lo por la fuerza o la longitud de dos m\u00fasculos opuestos (entre muchos) alrededor de una articulaci\u00f3n. Tal vez s\u00f3lo mirar dos m\u00fasculos es una visi\u00f3n demasiado simplista de la postura.<\/p>\n<p class=\"text\">A menudo buscamos \u00abcorregir\u00bb los patrones de activaci\u00f3n de los m\u00fasculos, especialmente en el dolor de espalda, sin pruebas reales de c\u00f3mo deber\u00edan activarse en primer lugar. Aqu\u00ed vemos dos piezas de investigaci\u00f3n que muestran que los m\u00fasculos abdominales y su funci\u00f3n tienen poco que ver con la mejora del dolor de espalda *<a href=\"https:\/\/www.ncbi.nlm.nih.gov\/pubmed\/22270245\" target=\"_blank\" rel=\"noopener\">Pincha Aqu\u00ed<\/a>* y *<a href=\"https:\/\/www.ncbi.nlm.nih.gov\/pubmed\/22270245\" target=\"_blank\" rel=\"noopener\">Pincha Aqu\u00ed<\/a>*. Tal vez la alteraci\u00f3n de la activaci\u00f3n m\u00fascular es el resultado y no la causa del dolor de espalda y por lo tanto no est\u00e1 implicada en la resoluci\u00f3n del dolor.<\/p>\n<p class=\"text\">Aqu\u00ed hay un poco m\u00e1s sobre el debate de la estabilidad del n\u00facleo *<a href=\"https:\/\/cor-kinetic.com\/core-stability-does-it-work-for-lbp-a-look-at-the-evidence\/\" target=\"_blank\" rel=\"noopener\">Pincha Aqu\u00ed<\/a>*<\/p>\n<h4>Impacto psicol\u00f3gico<\/h4>\n<p class=\"text\">Tambi\u00e9n debemos pensar en el impacto psicol\u00f3gico. \u00bfC\u00f3mo afecta a la sensaci\u00f3n de fragilidad el decirle a alguien que est\u00e1 \u00abdesequilibrado\u00bb y que necesita ser \u00abcorregido\u00bb? \u00bfPodr\u00eda esto traducirse en una interpretaci\u00f3n de estar \u00abroto\u00bb?<\/p>\n<p class=\"text\">\u00bfPodr\u00edamos ver el t\u00e9rmino como un nocebo? El nocebo es lo opuesto a un placebo, esencialmente tiene el potencial de empeorar las cosas, no de mejorarlas, especialmente si no hay ning\u00fan problema para empezar y se crea uno.<\/p>\n<p class=\"text\">La conciencia de la importancia de nuestra interacci\u00f3n con la gente est\u00e1 creciendo *<a href=\"https:\/\/www.ncbi.nlm.nih.gov\/pubmed\/24218376\" target=\"_blank\" rel=\"noopener\">Pincha Aqu\u00ed<\/a>* e incluso si tuvi\u00e9ramos pruebas cre\u00edbles de que la gente necesita \u00abcorrecci\u00f3n\u00bb probablemente ser\u00eda mejor no disfrazarlo como tal.<\/p>\n<p class=\"text\">Tambi\u00e9n puede reforzar el papel del terapeuta como la persona requerida para \u00abarreglar\u00bb su \u00abpostura\u00bb. Ambas cosas se basan m\u00e1s en la imaginaci\u00f3n que en la realidad.<\/p>\n<p class=\"text\"><strong>Esto fue originalmente publicado en el sitio web de Ben Cormack. Puedes hacer clic <a href=\"https:\/\/cor-kinetic.com\/\" target=\"_blank\" rel=\"noopener\">aqu\u00ed<\/a> para leer m\u00e1s blogs de \u00e9l.<\/strong><\/p>\n","protected":false},"excerpt":{"rendered":"<p>Por alguna raz\u00f3n sigo recibiendo correos electr\u00f3nicos ensalzando las virtudes del \u00abejercicio correctivo\u00bb. Cada vez que escucho el t\u00e9rmino \u00abejercicio correctivo\u00bb la pregunta que siempre&#8230;<\/p>\n","protected":false},"author":28,"featured_media":3238,"comment_status":"open","ping_status":"closed","sticky":false,"template":"","format":"standard","meta":{"_acf_changed":false,"footnotes":""},"categories":[91,478],"tags":[],"class_list":["post-3257","post","type-post","status-publish","format-standard","has-post-thumbnail","hentry","category-dolor","category-otro"],"acf":[],"_links":{"self":[{"href":"https:\/\/www.physio-network.com\/es\/wp-json\/wp\/v2\/posts\/3257","targetHints":{"allow":["GET"]}}],"collection":[{"href":"https:\/\/www.physio-network.com\/es\/wp-json\/wp\/v2\/posts"}],"about":[{"href":"https:\/\/www.physio-network.com\/es\/wp-json\/wp\/v2\/types\/post"}],"author":[{"embeddable":true,"href":"https:\/\/www.physio-network.com\/es\/wp-json\/wp\/v2\/users\/28"}],"replies":[{"embeddable":true,"href":"https:\/\/www.physio-network.com\/es\/wp-json\/wp\/v2\/comments?post=3257"}],"version-history":[{"count":10,"href":"https:\/\/www.physio-network.com\/es\/wp-json\/wp\/v2\/posts\/3257\/revisions"}],"predecessor-version":[{"id":5866,"href":"https:\/\/www.physio-network.com\/es\/wp-json\/wp\/v2\/posts\/3257\/revisions\/5866"}],"wp:featuredmedia":[{"embeddable":true,"href":"https:\/\/www.physio-network.com\/es\/wp-json\/wp\/v2\/media\/3238"}],"wp:attachment":[{"href":"https:\/\/www.physio-network.com\/es\/wp-json\/wp\/v2\/media?parent=3257"}],"wp:term":[{"taxonomy":"category","embeddable":true,"href":"https:\/\/www.physio-network.com\/es\/wp-json\/wp\/v2\/categories?post=3257"},{"taxonomy":"post_tag","embeddable":true,"href":"https:\/\/www.physio-network.com\/es\/wp-json\/wp\/v2\/tags?post=3257"}],"curies":[{"name":"wp","href":"https:\/\/api.w.org\/{rel}","templated":true}]}}