{"id":12703,"date":"2024-01-11T11:01:07","date_gmt":"2024-01-11T11:01:07","guid":{"rendered":"https:\/\/www.physio-network.com\/fr\/blog\/"},"modified":"2024-01-12T12:39:42","modified_gmt":"2024-01-12T12:39:42","slug":"decrypter-la-rupture-du-tendon-dachille","status":"publish","type":"post","link":"https:\/\/www.physio-network.com\/fr\/blog\/decrypter-la-rupture-du-tendon-dachille\/","title":{"rendered":"D\u00e9crypter la rupture du tendon d&rsquo;Achille : donn\u00e9es probantes et choix th\u00e9rapeutiques \u00e9clair\u00e9s"},"content":{"rendered":"<p>Le tendon d\u2019Achille est le tendon le plus fr\u00e9quemment rompu au niveau du membre inf\u00e9rieur. Cette rupture se caract\u00e9rise comme un \u00e9v\u00e9nement traumatisant et douloureux, qui survient le plus souvent chez des adultes \u00e2g\u00e9s de 30 \u00e0 50 ans. On manque malheureusement de donn\u00e9es probantes pour guider les praticiens dans leur prise de d\u00e9cision en ce qui concerne le traitement, et la mise en place des meilleures pratiques cliniques reste un sujet controvers\u00e9. Une s\u00e9rie de facteurs doivent \u00eatre pris en consid\u00e9ration et la prise de d\u00e9cision doit se faire en collaboration avec le patient. Ce blog a pour but de pr\u00e9senter les donn\u00e9es probantes actuelles et les facteurs qui devraient \u00eatre pris en compte dans le processus de prise de d\u00e9cision clinique.<\/p>\n<p>\u00c0 ce propos, dans sa derni\u00e8re revue de recherche, le Dr Seth O&rsquo;Neill met en lumi\u00e8re un outil r\u00e9cemment d\u00e9velopp\u00e9 servant \u00e0 la prise de d\u00e9cision clinique, afin d\u2019informer et de guider les patients lorsqu\u2019il leur faut choisir entre un traitement conservatif ou chirurgical pour leur rupture du tendon d\u2019Achille (1).Vous pouvez le consulter <a href=\"https:\/\/www.physio-network.com\/fr\/research-reviews\/lower-leg\/developpement-dune-aide-a-la-decision-pour-les-patient\u00b7e\u00b7s-relative-a-la-prise-en-charge-de-la-rupture-du-tendon-dachille-etude-a-methodes-mixtes\/\">ICI<\/a>.<\/p>\n<p>&nbsp;<\/p>\n<p><strong>Les donn\u00e9es actuelles<\/strong><\/p>\n<p>Les avis divergent quant \u00e0 la meilleure option th\u00e9rapeutique en cas de rupture aigu\u00eb du tendon d&rsquo;Achille. La recherche indique qu&rsquo;il y a peu de diff\u00e9rences entre la prise en charge op\u00e9ratoire et non op\u00e9ratoire, les risques \u00e9tant en quelque sorte \u00ab \u00e9quilibr\u00e9s \u00bb entre des taux de rupture it\u00e9rative l\u00e9g\u00e8rement plus \u00e9lev\u00e9s en cas de prise en charge non op\u00e9ratoire et des taux de complications plus \u00e9lev\u00e9s en cas de prise en charge op\u00e9ratoire. Il ne semble pas y avoir de diff\u00e9rences significatives dans les r\u00e9sultats fonctionnels entre les soins op\u00e9ratoires et les soins non op\u00e9ratoires (2). Une \u00e9tude r\u00e9cente a montr\u00e9 qu&rsquo;il n&rsquo;y avait pas de diff\u00e9rence dans les r\u00e9sultats cliniques ou les r\u00e9sultats de l&rsquo;imagerie par r\u00e9sonance magn\u00e9tique (IRM) entre les groupes trait\u00e9s chirurgicalement et ceux trait\u00e9s de mani\u00e8re conservatrice, avec une \u00e9longation et un \u00e9paississement consid\u00e9rables du tendon l\u00e9s\u00e9 dans les deux groupes (3).<\/p>\n<p>L&rsquo;\u00e9valuation des meilleures pratiques de prise en charge de la rupture aigu\u00eb du tendon d&rsquo;Achille est rendue en partie difficile par la disparit\u00e9 des protocoles de prise en charge existants. Il existe toute une s\u00e9rie de protocoles diff\u00e9rents pour la prise en charge conservatrice et post-op\u00e9ratoire, avec des approches allant de la mobilisation fonctionnelle pr\u00e9coce \u00e0 l&rsquo;immobilisation stricte sous pl\u00e2tre. Cependant, en r\u00e8gle g\u00e9n\u00e9rale (ind\u00e9pendamment de la prise en charge chirurgicale ou conservatrice), on peut s&rsquo;attendre \u00e0 ce que le patient mette 6 \u00e0 9 mois avant de reprendre le sport et \u00e0 ce qu&rsquo;il soit immobilis\u00e9 dans une botte de marche pendant 2 \u00e0 3 mois. Vous trouverez ci-dessous un protocole courant de prise en charge conservatrice par \u00ab mobilisation fonctionnelle pr\u00e9coce \u00bb :<\/p>\n<p><u>Phase 1 : 0-2 semaines<\/u><\/p>\n<ul>\n<li>Immobilisation sous pl\u00e2tre \u00e0 20 degr\u00e9s de flexion plantaire<\/li>\n<li>Pas d\u2019appui en charge, b\u00e9quilles<\/li>\n<\/ul>\n<p><u>Phase 2 : 2-4 semaines<\/u><\/p>\n<ul>\n<li>Botte de marche avec une \u00e9l\u00e9vation du talon de 2 \u00e0 4 cm, 25 \u00e0 50 % de charge<\/li>\n<li>\u00c9viter de bouger la cheville au-del\u00e0 de la position plantigrade lors des exercices<\/li>\n<\/ul>\n<p><u>Phase 3 : 4-6 semaines<\/u><\/p>\n<ul>\n<li>Botte de marche avec mise en charge progressive jusqu&rsquo;\u00e0 la mise en charge compl\u00e8te \u00e0 la sixi\u00e8me semaine<\/li>\n<li>\u00c9viter de bouger la cheville au-del\u00e0 de la position plantigrade lors des exercices<\/li>\n<\/ul>\n<p><u>Phase 4 : 6-8 semaines<\/u><\/p>\n<ul>\n<li>Appui en charge \u00e0 l&rsquo;aide d&rsquo;une botte de marche en fonction de la tol\u00e9rance<\/li>\n<li>Supprimer progressivement la talonnette<\/li>\n<li>\u00c9viter de bouger la cheville au-del\u00e0 de la position plantigrade<\/li>\n<li>Introduire un l\u00e9ger renforcement du tendon d\u2019Achille en flexion plantaire<\/li>\n<\/ul>\n<p><u>Phase 5\u00a0: 8-12 semaines<\/u><\/p>\n<ul>\n<li>Sevrage de la botte de marche en 2 \u00e0 5 jours<\/li>\n<li>Commencer \u00e0 effectuer des mouvements doux et sans douleur en dorsiflexion<\/li>\n<li>Pas de renforcement au-del\u00e0 de la position neutre<\/li>\n<\/ul>\n<p><u>Phase 6\u00a0: 16+ semaines<\/u><\/p>\n<ul>\n<li>Amplitude compl\u00e8te des mouvements en renforcement<\/li>\n<li>Objectif : retour \u00e0 une activit\u00e9 sportive compl\u00e8te \u00e0 six mois.<\/li>\n<\/ul>\n<p class=\"aligncentre\" style=\"text-align: center;\"><a href=\"https:\/\/www.physio-network.com\/fr\/wp-content\/uploads\/sites\/3\/2024\/01\/iStock-1397486881-scaled-e1701330939910.jpg\" class=\"js-single-image-lightbox\"><img decoding=\"async\" src=\"https:\/\/www.physio-network.com\/fr\/wp-content\/uploads\/sites\/3\/2024\/01\/iStock-1397486881-scaled-e1701330939910.jpg\" alt=\"image\"><\/a><\/p>\n<p><strong><br \/>\nLa d\u00e9cision<\/strong><\/p>\n<p>Votre r\u00f4le en tant que kin\u00e9sith\u00e9rapeute est d&rsquo;informer votre patient des preuves les plus r\u00e9centes et de collaborer avec lui pour prendre une d\u00e9cision qui lui convienne. La d\u00e9cision finale doit appartenir au patient et \u00eatre prise en fonction de facteurs individuels, tels que :<\/p>\n<p>\u2753<u>Ses comorbidit\u00e9s<\/u><\/p>\n<ul>\n<li>Le patient pr\u00e9sente-t-il des probl\u00e8mes de sant\u00e9 susceptibles d&rsquo;augmenter les risques de l&rsquo;intervention chirurgicale\u00a0?<\/li>\n<li>Pr\u00e9sente-t-il d&rsquo;autres l\u00e9sions ipsilat\u00e9rales susceptibles d&rsquo;influer sur le traitement\u00a0?<\/li>\n<li>Pr\u00e9sente-t-il des probl\u00e8mes de sant\u00e9 susceptibles d&rsquo;affecter la cicatrisation du tendon\u00a0?<\/li>\n<\/ul>\n<p>\u2753<u>Les facteurs personnels<\/u><\/p>\n<ul>\n<li>L&rsquo;\u00e2ge du patient<\/li>\n<li>Quelles sont ses propres convictions concernant la prise en charge chirurgicale par rapport \u00e0 la prise en charge conservatrice ?<\/li>\n<li>Quel type de soutien social a-t-il autour de lui ?<\/li>\n<li>A-t-il d\u00e9j\u00e0 fait l&rsquo;exp\u00e9rience d&rsquo;une prise en charge chirurgicale et\/ou conservatrice pour d&rsquo;autres pathologies ?<\/li>\n<li>A-t-il d\u00e9j\u00e0 eu une rupture du tendon d&rsquo;Achille ?<\/li>\n<li>Pr\u00e9sente-il des facteurs de risque de complications post-op\u00e9ratoires de la plaie (fumeur, prise de cortico\u00efdes) ?<\/li>\n<\/ul>\n<p>\u2753<u>Objectifs du patient<\/u><\/p>\n<ul>\n<li>Veut-il reprendre un sport de haut niveau qui l&rsquo;expose \u00e0 un risque plus \u00e9lev\u00e9 de nouvelle rupture ?<\/li>\n<li>A-t-il une \u00e9ch\u00e9ance importante pour laquelle il souhaite \u00eatre mobile (par exemple, le mariage de son enfant) ?<\/li>\n<\/ul>\n<p>\u2753<u>Pr\u00e9f\u00e9rences du patient<\/u><\/p>\n<ul>\n<li>A-t-il une pr\u00e9f\u00e9rence pr\u00e9d\u00e9termin\u00e9e pour la chirurgie ?<\/li>\n<li>A-t-il des craintes ou peurs par rapport \u00e0 la chirurgie ?<\/li>\n<\/ul>\n<p>\u2753<u>Facteurs financiers<\/u><\/p>\n<ul>\n<li>Le patient a-t-il une mutuelle couvrant le co\u00fbt de l&rsquo;intervention chirurgicale ?<\/li>\n<li>Dispose-t-il d\u2019un revenu stable ou d&rsquo;un arr\u00eat maladie pour compenser les jours de travail manqu\u00e9s en raison de la convalescence chirurgicale ?<\/li>\n<\/ul>\n<p>Il ne s&rsquo;agit l\u00e0 que de quelques exemples de facteurs susceptibles d&rsquo;influencer les d\u00e9cisions de prise en charge. Dans sa revue, le Dr Seth O&rsquo;Neill d\u00e9crit l&rsquo;\u00e9tude \u00e0 m\u00e9thodes mixtes utilis\u00e9e pour d\u00e9velopper un outil pouvant aider \u00e0 am\u00e9liorer le processus de prise de d\u00e9cision. L&rsquo;\u00e9tude a synth\u00e9tis\u00e9 les donn\u00e9es de 18 professionnels de sant\u00e9 et de 15 patients pour mettre au point un outil facile \u00e0 comprendre, qui met en \u00e9vidence des informations importantes, fond\u00e9es sur des donn\u00e9es probantes. Seth encourage l&rsquo;utilisation de cet outil lors de la prise de d\u00e9cision avec les patients et donne \u00e9galement quelques conseils d&rsquo;experts sur l&rsquo;\u00e9ducation th\u00e9rapeutique, alors assurez-vous d&rsquo;y jeter un coup d&rsquo;\u0153il !<\/p>\n<p class=\"aligncentre\" style=\"text-align: center;\"><a href=\"https:\/\/www.physio-network.com\/fr\/wp-content\/uploads\/sites\/3\/2024\/01\/iStock-1344792107-scaled-e1701333424328.jpg\" class=\"js-single-image-lightbox\"><img decoding=\"async\" src=\"https:\/\/www.physio-network.com\/fr\/wp-content\/uploads\/sites\/3\/2024\/01\/iStock-1344792107-scaled-e1701333424328.jpg\" alt=\"image\"><\/a><\/p>\n<p>&nbsp;<\/p>\n<p><strong>Conclusion<\/strong><\/p>\n<p>Le manque de clart\u00e9 dans la recherche rend compliqu\u00e9 le fait d\u2019aider ses patients \u00e0 prendre les meilleures d\u00e9cisions de prise en charge. Dans ces cas-l\u00e0, il est primordial d\u2019\u00eatre \u00e0 l\u2019\u00e9coute de votre patient et de lui fournir les informations les plus r\u00e9centes pour s&rsquo;assurer qu\u2019il prenne une d\u00e9cision \u00e9clair\u00e9e. Les outils d&rsquo;aide \u00e0 la d\u00e9cision clinique peuvent \u00eatre un excellent moyen d&rsquo;informer votre patient des b\u00e9n\u00e9fices et des risques des options conservatrices et chirurgicales, et de lui donner les moyens de d\u00e9cider de la meilleure option pour lui.<\/p>\n<p>Les revues de litt\u00e9rature de Physio Network vous aident \u00e0 rester \u00e0 la pointe de la recherche afin que vous puissiez fournir \u00e0 vos patients les donn\u00e9es les plus r\u00e9centes. Si vous souhaitez en savoir plus, consultez la revue du Dr Seth O&rsquo;Neill <a href=\"https:\/\/www.physio-network.com\/fr\/research-reviews\/lower-leg\/developpement-dune-aide-a-la-decision-pour-les-patient\u00b7e\u00b7s-relative-a-la-prise-en-charge-de-la-rupture-du-tendon-dachille-etude-a-methodes-mixtes\/\">ICI<\/a>.<\/p>\n<p>&nbsp;<\/p>\n<p>&nbsp;<\/p>\n<p>&nbsp;<\/p>\n","protected":false},"excerpt":{"rendered":"<p>Le tendon d\u2019Achille est le tendon le plus fr\u00e9quemment rompu au niveau du membre inf\u00e9rieur. Cette rupture se caract\u00e9rise comme un \u00e9v\u00e9nement traumatisant et douloureux,&#8230;<\/p>\n","protected":false},"author":67490,"featured_media":12700,"comment_status":"open","ping_status":"closed","sticky":false,"template":"","format":"standard","meta":{"_acf_changed":false,"footnotes":""},"categories":[545],"tags":[2123,2069,2125,2124],"class_list":["post-12703","post","type-post","status-publish","format-standard","has-post-thumbnail","hentry","category-jambe","tag-rupture-du-tendon-dachille","tag-tendon-dachille","tag-traitement-chirurgical","tag-traitement-conservateur"],"acf":[],"_links":{"self":[{"href":"https:\/\/www.physio-network.com\/fr\/wp-json\/wp\/v2\/posts\/12703","targetHints":{"allow":["GET"]}}],"collection":[{"href":"https:\/\/www.physio-network.com\/fr\/wp-json\/wp\/v2\/posts"}],"about":[{"href":"https:\/\/www.physio-network.com\/fr\/wp-json\/wp\/v2\/types\/post"}],"author":[{"embeddable":true,"href":"https:\/\/www.physio-network.com\/fr\/wp-json\/wp\/v2\/users\/67490"}],"replies":[{"embeddable":true,"href":"https:\/\/www.physio-network.com\/fr\/wp-json\/wp\/v2\/comments?post=12703"}],"version-history":[{"count":5,"href":"https:\/\/www.physio-network.com\/fr\/wp-json\/wp\/v2\/posts\/12703\/revisions"}],"predecessor-version":[{"id":12710,"href":"https:\/\/www.physio-network.com\/fr\/wp-json\/wp\/v2\/posts\/12703\/revisions\/12710"}],"wp:featuredmedia":[{"embeddable":true,"href":"https:\/\/www.physio-network.com\/fr\/wp-json\/wp\/v2\/media\/12700"}],"wp:attachment":[{"href":"https:\/\/www.physio-network.com\/fr\/wp-json\/wp\/v2\/media?parent=12703"}],"wp:term":[{"taxonomy":"category","embeddable":true,"href":"https:\/\/www.physio-network.com\/fr\/wp-json\/wp\/v2\/categories?post=12703"},{"taxonomy":"post_tag","embeddable":true,"href":"https:\/\/www.physio-network.com\/fr\/wp-json\/wp\/v2\/tags?post=12703"}],"curies":[{"name":"wp","href":"https:\/\/api.w.org\/{rel}","templated":true}]}}