{"id":15124,"date":"2025-09-09T09:46:58","date_gmt":"2025-09-09T09:46:58","guid":{"rendered":"https:\/\/www.physio-network.com\/fr\/blog\/"},"modified":"2025-09-09T09:46:58","modified_gmt":"2025-09-09T09:46:58","slug":"de-la-recherche-a-la-pratique-prise-en-charge-apres-une-luxation-du-coude","status":"publish","type":"post","link":"https:\/\/www.physio-network.com\/fr\/blog\/de-la-recherche-a-la-pratique-prise-en-charge-apres-une-luxation-du-coude\/","title":{"rendered":"De la recherche \u00e0 la pratique : prise en charge apr\u00e8s une luxation du coude"},"content":{"rendered":"<p class=\"text\">Ce seront toujours les sportifs du dimanche qui passeront le plus de temps avec vous. Tara \u00e9tait une graphiste de 32 ans passionn\u00e9e de bloc. En semaine, elle dessinait des logos. Le week-end, elle escaladait des murs.<\/p>\n<p class=\"text\">Jusqu\u2019\u00e0 ce qu\u2019une chute change tout.<\/p>\n<p class=\"text\">Lors d\u2019une s\u00e9ance d\u2019escalade en salle, elle est tomb\u00e9e maladroitement, atterrissant sur son bras droit en extension. R\u00e9sultat ? Une luxation post\u00e9rieure du coude.<\/p>\n<p class=\"text\">Elle a r\u00e9duit la luxation elle-m\u00eame sur place, a ensuite \u00e9t\u00e9 immobilis\u00e9e, puis orient\u00e9e vers moi deux semaines plus tard avec l\u2019ordonnance habituelle : \u201creprise progressive de l\u2019activit\u00e9, r\u00e9cup\u00e9ration des amplitudes, \u00e9viter l\u2019instabilit\u00e9.\u201d<\/p>\n<p class=\"text\">Mais quand Tara est entr\u00e9e dans le cabinet, elle n\u2019\u00e9tait pas seulement inqui\u00e8te pour la raideur. Elle avait peur de ne plus jamais pouvoir grimper.<\/p>\n<p>&nbsp;<\/p>\n<h4>\u00c9valuation subjective : plus qu\u2019une simple douleur<\/h4>\n<p class=\"text\">Tara rapportait une douleur l\u00e9g\u00e8re, surtout en fin d\u2019extension, mais sa v\u00e9ritable inqui\u00e9tude \u00e9tait la vuln\u00e9rabilit\u00e9 qu\u2019elle ressentait autour de l\u2019articulation. Sa voix trahissait une h\u00e9sitation lorsqu\u2019elle parlait de reprendre l\u2019escalade. Elle n\u2019avait m\u00eame pas essay\u00e9 d\u2019ouvrir une porte avec son bras droit.<\/p>\n<p class=\"text\">Ses objectifs ? \u00ab\u00a0Je veux juste pouvoir grimper \u00e0 nouveau. Mais je ne sais pas si je peux faire confiance \u00e0 mon coude.\u00a0\u00bb<\/p>\n<p class=\"text\">Les drapeaux rouges ont \u00e9t\u00e9 \u00e9cart\u00e9s, aucun sympt\u00f4me neurologique, aucune atteinte vasculaire. Son immobilisation avait dur\u00e9 moins de trois semaines, ce qui \u00e9tait rassurant. Elle n\u2019avait pas eu de probl\u00e8mes de coude auparavant. Mais les drapeaux jaunes psychosociaux ressortaient : faible sentiment d\u2019efficacit\u00e9 personnelle, peur de la r\u00e9cidive, incertitude quant au retour au sport.<\/p>\n<p>&nbsp;<\/p>\n<h4>\u00c9valuation objective : raideur, mais aussi manque de confiance en soi<\/h4>\n<p class=\"text\">Tara pr\u00e9sentait un d\u00e9ficit d\u2019environ 25 degr\u00e9s d\u2019extension et une certaine raideur en flexion. La pronation et la supination \u00e9taient presque compl\u00e8tes mais semblaient rigides. Aucun signe d\u2019instabilit\u00e9 manifeste ni d\u2019appr\u00e9hension lors de mises en charge en position interm\u00e9diaire, mais elle \u00e9vitait les amplitudes extr\u00eames.<\/p>\n<p class=\"text\">La force \u00e9tait l\u00e9g\u00e8rement r\u00e9duite globalement, en particulier au niveau de la pr\u00e9hension et des fl\u00e9chisseurs\/extenseurs du coude. Ce qui ressortait, ce n\u2019\u00e9tait pas tant la faiblesse elle-m\u00eame, mais \u00e0 quel point elle se montrait protectrice. Elle compensait constamment avec son bras gauche.<\/p>\n<p class=\"aligncentre\"><a href=\"https:\/\/www.physio-network.com\/wp-content\/uploads\/2025\/08\/rr-1-scaled.jpg\" class=\"js-single-image-lightbox\"><img decoding=\"async\" src=\"https:\/\/www.physio-network.com\/wp-content\/uploads\/2025\/08\/rr-1-scaled.jpg\" alt=\"image\"><\/a><\/p>\n<p>&nbsp;<\/p>\n<h4>Conduite du traitement : laisser la recherche montrer la voie<\/h4>\n<p class=\"text\">Deux r\u00e9centes <a href=\"https:\/\/www.physio-network.com\/fr\/research-reviews\/\">revues de litt\u00e9rature<\/a> de Physio Network ont fortement influenc\u00e9 mon approche.<\/p>\n<p class=\"text\"><a href=\"https:\/\/www.physio-network.com\/fr\/research-reviews\/elbow\/resultats-fonctionnels-a-moyen-et-long-terme-et-retour-au-sport-apres-une-luxation-du-coude-en-escalade-de-bloc-une-etude-de-cohorte-clinique-retrospective\/\">La premi\u00e8re revue<\/a>, par le Dr Val Jones, explorait les barri\u00e8res psychologiques chez les grimpeurs apr\u00e8s une luxation du coude. Elle a montr\u00e9 que 10 % des grimpeurs abandonnaient compl\u00e8tement, la diminution du sentiment d\u2019efficacit\u00e9 personnelle \u00e9tant un facteur cl\u00e9 de mauvais retour fonctionnel. Tara n\u2019\u00e9tait pas seulement un coude lux\u00e9 \u2013 elle repr\u00e9sentait un cas typique d\u2019\u00e9vitement li\u00e9 \u00e0 la peur. Aborder cela d\u00e8s le premier jour comptait autant que de r\u00e9cup\u00e9rer l\u2019extension.<\/p>\n<p class=\"text\"><a href=\"https:\/\/www.physio-network.com\/fr\/research-reviews\/elbow\/positionnement-du-bras-au-dessus-de-la-tete-dans-la-reeducation-des-luxations-du-coude-etude-biomecanique-in-vitro\/\">La seconde revue<\/a> a \u00e9t\u00e9 une r\u00e9v\u00e9lation : elle analysait une \u00e9tude cadav\u00e9rique montrant que le mouvement actif du coude au-dessus de la t\u00eate reproduisait une cin\u00e9matique quasi normale, m\u00eame en cas de l\u00e9sions des ligaments collat\u00e9raux m\u00e9dial et lat\u00e9ral. Cela a remis en question mon appr\u00e9hension initiale. Traditionnellement, les cliniciens craignent que l\u2019activit\u00e9 au-dessus de la t\u00eate soit risqu\u00e9e apr\u00e8s une luxation. Mais cette \u00e9tude soutenait la mise en mouvement pr\u00e9coce dans ces plans (si elle est charg\u00e9e de fa\u00e7on raisonn\u00e9e !).<\/p>\n<h4>Plan de traitement : la recherche mise en pratique<\/h4>\n<p class=\"text\"><span style=\"text-decoration: underline;\">Phase initiale (semaines 2\u20134)<\/span><\/p>\n<p class=\"text\">Notre premier objectif : rassurer et encourager le mouvement actif. Nous avons abandonn\u00e9 les \u00e9tirements passifs prolong\u00e9s au profit d\u2019un travail actif contr\u00f4l\u00e9 des amplitudes dans plusieurs plans, y compris en \u00e9l\u00e9vation au-dessus de la t\u00eate avec poulies et gliss\u00e9s au mur.<\/p>\n<p class=\"text\">J\u2019ai expliqu\u00e9 \u00e0 Tara que les mouvements au-dessus de la t\u00eate n\u2019\u00e9taient pas dangereux \u2013 ils \u00e9taient naturels et m\u00eame b\u00e9n\u00e9fiques, notamment pour la congruence articulaire et la confiance. Ce nouvel angle a, au sens propre, chang\u00e9 sa posture.<\/p>\n<p class=\"text\">Nous avons \u00e9galement introduit du travail isom\u00e9trique l\u00e9ger pour les fl\u00e9chisseurs et extenseurs ainsi que du travail de pr\u00e9hension. Mais notre plus grand succ\u00e8s \u00e0 ce stade ? Planifier une exposition graduelle, \u00e9tape par \u00e9tape\u00a0: ouvrir un bocal, tirer une porte, soulever un sac \u00e0 dos.<\/p>\n<p class=\"text\"><span style=\"text-decoration: underline;\">Phase interm\u00e9diaire (semaines 4\u20138)<\/span><\/p>\n<p class=\"text\">Avec des amplitudes presque restaur\u00e9es d\u00e8s la cinqui\u00e8me semaine, nous avons d\u00e9plac\u00e9 l\u2019attention vers la force et la stabilit\u00e9 dynamique. En nous appuyant sur la deuxi\u00e8me <a href=\"https:\/\/www.physio-network.com\/fr\/research-reviews\/\">revue de litt\u00e9rature<\/a>, j\u2019ai incorpor\u00e9 des exercices au-dessus de la t\u00eate avec \u00e9lastiques (par ex. diagonales, port\u00e9s de kettlebell) et des mises en charge dynamiques en quadrup\u00e9die. Nous avons aussi introduit des exercices pliom\u00e9triques l\u00e9gers : lancers de balle, rattrapages r\u00e9actifs, et t\u00e2ches de frappes rapides. Ce n\u2019\u00e9tait pas seulement un travail de force \u2013 c\u2019\u00e9tait une fa\u00e7on d\u2019apprendre \u00e0 Tara \u00e0 refaire confiance \u00e0 son coude.<\/p>\n<p class=\"text\">Et nous revenions sans cesse \u00e0 la charge psychologique. Chaque semaine, nous nous posions la question\u00a0: qu\u2019est-ce qui semblait difficile ? Qu\u2019est-ce qui semblait plus facile ? Comment son coude r\u00e9agissait-il apr\u00e8s chaque s\u00e9ance ? Ce journal subjectif donnait \u00e0 Tara la responsabilit\u00e9 du processus.<\/p>\n<p class=\"text\"><span style=\"text-decoration: underline;\">Phase tardive (semaines 8\u201312+)<\/span><\/p>\n<p class=\"text\">L\u2019escalade \u00e9tait notre \u00e9toile polaire, donc nous avons adapt\u00e9 nos tests de retour au sport en cons\u00e9quence. Suspensions \u00e0 un bras (avec charge progressive), tractions au TRX et t\u00e2ches de port\u00e9e contre un mur ont permis de simuler les exigences du bloc.<\/p>\n<p class=\"text\">Nous n\u2019avons pas pr\u00e9cipit\u00e9 les choses. En fait, nous avons r\u00e9p\u00e9t\u00e9 l\u2019\u00e9chec : que ferait-elle si elle glissait ou devait r\u00e9ceptionner brutalement ? Pr\u00e9parer la rechute lui a donn\u00e9 de la confiance.<\/p>\n<p class=\"text\">Tara a r\u00e9alis\u00e9 sa premi\u00e8re ascension partielle de mur \u00e0 la semaine 10 et des voies compl\u00e8tes de bloc (niveau facile) \u00e0 la semaine 12. \u00c0 la semaine 14, elle \u00e9tait revenue \u00e0 son niveau d\u2019escalade pr\u00e9-blessure.<\/p>\n<p class=\"aligncentre\"><a href=\"https:\/\/www.physio-network.com\/wp-content\/uploads\/2025\/08\/rr-2-scaled-e1754530151592.jpg\" class=\"js-single-image-lightbox\"><img decoding=\"async\" src=\"https:\/\/www.physio-network.com\/wp-content\/uploads\/2025\/08\/rr-2-scaled-e1754530151592.jpg\" alt=\"image\"><\/a><\/p>\n<p>&nbsp;<\/p>\n<h4>Conclusion<\/h4>\n<p class=\"text\">Ce n\u2019\u00e9tait pas qu\u2019une histoire de coude. Les luxations du coude peuvent sembler m\u00e9caniques, mais la r\u00e9cup\u00e9ration est profond\u00e9ment psychologique. Le cas de Tara m\u2019a rappel\u00e9 qu\u2019aucune quantit\u00e9 d\u2019exercices de mobilit\u00e9 ne peut remplacer le fait de reconstruire la confiance en soi.<\/p>\n<p class=\"text\">Les <a href=\"https:\/\/www.physio-network.com\/fr\/research-reviews\/\">revues de litt\u00e9ratur<\/a>e m\u2019ont donn\u00e9 le feu vert pour charger au-dessus de la t\u00eate pr\u00e9cocement, et m\u2019ont aid\u00e9 \u00e0 rep\u00e9rer la barri\u00e8re invisible : la peur de la r\u00e9cidive. Les cliniciens recherchent souvent l\u2019instabilit\u00e9 articulaire. Mais parfois, c\u2019est l\u2019instabilit\u00e9 identitaire qu\u2019il faut savoir d\u00e9tecter.<\/p>\n<p class=\"text\">Alors, la prochaine fois qu\u2019un grimpeur entre dans votre cabinet apr\u00e8s une luxation, traitez le coude \u2013 oui. Mais traitez aussi la peur.<\/p>\n<p class=\"text\">Parce que parfois, le meilleur r\u00e9sultat n\u2019est pas seulement de restaurer la flexion. C\u2019est de retrouver le chemin du mur, une prise apr\u00e8s l\u2019autre.<\/p>\n<p class=\"text\">Vous voulez rester inform\u00e9 des derni\u00e8res strat\u00e9gies de r\u00e9\u00e9ducation musculosquelettique fond\u00e9es sur la recherche ? Abonnez-vous aux <a href=\"https:\/\/www.physio-network.com\/fr\/research-reviews\/\">revues de litt\u00e9rature<\/a> de Physio Network et commencez \u00e0 transformer la recherche en meilleurs r\u00e9sultats \u2013 un patient \u00e0 la fois.<\/p>\n","protected":false},"excerpt":{"rendered":"<p>Ce seront toujours les sportifs du dimanche qui passeront le plus de temps avec vous. Tara \u00e9tait une graphiste de 32 ans passionn\u00e9e de bloc&#8230;.<\/p>\n","protected":false},"author":43296,"featured_media":15130,"comment_status":"open","ping_status":"closed","sticky":false,"template":"","format":"standard","meta":{"_acf_changed":false,"footnotes":""},"categories":[548],"tags":[],"class_list":["post-15124","post","type-post","status-publish","format-standard","has-post-thumbnail","hentry","category-coude"],"acf":[],"_links":{"self":[{"href":"https:\/\/www.physio-network.com\/fr\/wp-json\/wp\/v2\/posts\/15124","targetHints":{"allow":["GET"]}}],"collection":[{"href":"https:\/\/www.physio-network.com\/fr\/wp-json\/wp\/v2\/posts"}],"about":[{"href":"https:\/\/www.physio-network.com\/fr\/wp-json\/wp\/v2\/types\/post"}],"author":[{"embeddable":true,"href":"https:\/\/www.physio-network.com\/fr\/wp-json\/wp\/v2\/users\/43296"}],"replies":[{"embeddable":true,"href":"https:\/\/www.physio-network.com\/fr\/wp-json\/wp\/v2\/comments?post=15124"}],"version-history":[{"count":5,"href":"https:\/\/www.physio-network.com\/fr\/wp-json\/wp\/v2\/posts\/15124\/revisions"}],"predecessor-version":[{"id":15131,"href":"https:\/\/www.physio-network.com\/fr\/wp-json\/wp\/v2\/posts\/15124\/revisions\/15131"}],"wp:featuredmedia":[{"embeddable":true,"href":"https:\/\/www.physio-network.com\/fr\/wp-json\/wp\/v2\/media\/15130"}],"wp:attachment":[{"href":"https:\/\/www.physio-network.com\/fr\/wp-json\/wp\/v2\/media?parent=15124"}],"wp:term":[{"taxonomy":"category","embeddable":true,"href":"https:\/\/www.physio-network.com\/fr\/wp-json\/wp\/v2\/categories?post=15124"},{"taxonomy":"post_tag","embeddable":true,"href":"https:\/\/www.physio-network.com\/fr\/wp-json\/wp\/v2\/tags?post=15124"}],"curies":[{"name":"wp","href":"https:\/\/api.w.org\/{rel}","templated":true}]}}