{"id":15712,"date":"2026-03-11T11:31:53","date_gmt":"2026-03-11T11:31:53","guid":{"rendered":"https:\/\/www.physio-network.com\/fr\/blog\/"},"modified":"2026-03-11T11:33:10","modified_gmt":"2026-03-11T11:33:10","slug":"de-la-recherche-a-la-pratique-reconstruire-la-confiance-apres-une-chirurgie-du-poignet","status":"publish","type":"post","link":"https:\/\/www.physio-network.com\/fr\/blog\/de-la-recherche-a-la-pratique-reconstruire-la-confiance-apres-une-chirurgie-du-poignet\/","title":{"rendered":"De la recherche \u00e0 la pratique : reconstruire la confiance apr\u00e8s une chirurgie du poignet"},"content":{"rendered":"<blockquote><p>Ce que vous pensez \u00eatre utile\u2026 vous ralentit en r\u00e9alit\u00e9.<\/p><\/blockquote>\n<p class=\"text\">Arpan ne s\u2019attendait pas \u00e0 ce qu\u2019une fracture du poignet fasse d\u00e9railler sa saison. \u00c0 29 ans, le basketball \u00e9tait bien plus qu\u2019un simple hobby du week-end : c\u2019\u00e9tait son exutoire face au stress, son cercle social et la seule chose qui rendait les longues journ\u00e9es de travail r\u00e9ellement supportables. Une chute lors d\u2019une contre-attaque a tout chang\u00e9 en quelques secondes.<\/p>\n<p class=\"text\">Il est tomb\u00e9 sur la main tendue, a entendu un craquement dont il se souvient encore tr\u00e8s clairement, et \u00e0 la fin de la soir\u00e9e, il regardait une radiographie montrant une fracture d\u00e9plac\u00e9e de l\u2019extr\u00e9mit\u00e9 distale du radius. Une chirurgie a suivi peu apr\u00e8s. Plaques. Vis. Une incision soigneusement referm\u00e9e.<\/p>\n<p class=\"text\">Trois mois plus tard, il est entr\u00e9 dans mon cabinet convaincu que se reposer davantage, \u00e9viter la mise en charge et \u00ab faire attention \u00bb \u00e9tait la mani\u00e8re la plus intelligente d\u2019avancer. Cette croyance \u2014 fr\u00e9quente, bien intentionn\u00e9e, mais profond\u00e9ment limitante \u2014 est devenue notre premier d\u00e9fi en r\u00e9\u00e9ducation.<\/p>\n<p>&nbsp;<\/p>\n<h4>Mise en situation clinique : l\u2019athl\u00e8te qui ne faisait pas confiance \u00e0 son poignet<\/h4>\n<p class=\"text\">Arpan \u00e9tait alors \u00e0 10 semaines de l\u2019ost\u00e9osynth\u00e8se d\u2019une fracture distale du radius. Son chirurgien l\u2019avait autoris\u00e9 \u00e0 commencer la kin\u00e9sith\u00e9rapie avec \u00ab un renforcement progressif selon la tol\u00e9rance \u00bb. Sur le papier, tout semblait correct.<\/p>\n<p>En r\u00e9alit\u00e9, il pr\u00e9sentait :<\/p>\n<ul>\n<li class=\"text\">Une raideur persistante du poignet,<\/li>\n<li class=\"text\">Une douleur en fin d\u2019amplitude en extension,<\/li>\n<li class=\"text\">Une faiblesse de la force de pr\u00e9hension,<\/li>\n<li class=\"text\">Une h\u00e9sitation lors des mises en charge,<\/li>\n<li class=\"text\">Une anxi\u00e9t\u00e9 \u00e0 l\u2019id\u00e9e de retomber,<\/li>\n<li class=\"text\">Z\u00e9ro confiance pour attraper un ballon.<\/li>\n<\/ul>\n<p class=\"text\">Son objectif \u00e9tait clair : reprendre le basketball sans r\u00e9fl\u00e9chir \u00e0 son poignet. Mais sur le plan fonctionnel, il \u00e9tait bloqu\u00e9.<\/p>\n<p>&nbsp;<\/p>\n<h4>\u00c9valuation subjective : ce que disait le poignet (et ce qu\u2019Arpan ne disait pas)<\/h4>\n<p class=\"text\">Arpan d\u00e9crivait sa douleur comme \u00ab une sensation de tension et d\u2019inconfort \u00bb, pas comme une douleur vive. Elle s\u2019exacerbait lors des pompes, du contact avec le sol et des mouvements brusques. Il \u00e9vitait d\u2019utiliser son poignet dans les t\u00e2ches quotidiennes d\u00e8s qu\u2019il le pouvait.<\/p>\n<p>Points subjectifs cl\u00e9s :<\/p>\n<ul>\n<li class=\"text\">Pas d\u2019engourdissement ni de fourmillements,<\/li>\n<li class=\"text\">Pas de douleur nocturne,<\/li>\n<li class=\"text\">Aucun signe d\u2019infection ou de syndrome douloureux r\u00e9gional complexe,<\/li>\n<li class=\"text\">Peur \u00e9lev\u00e9e de se blesser \u00e0 nouveau,<\/li>\n<li class=\"text\">Forte croyance que \u00ab charger trop t\u00f4t \u00bb pourrait endommager le mat\u00e9riel d\u2019ost\u00e9osynth\u00e8se.<\/li>\n<\/ul>\n<p class=\"text\">Cette peur \u00e9tait compr\u00e9hensible, mais les donn\u00e9es scientifiques allaient plus tard la remettre en question.<\/p>\n<p class=\"aligncentre\"><a href=\"https:\/\/www.physio-network.com\/wp-content\/uploads\/2026\/02\/1-iStock-1198608317-1-scaled-e1770253730601.jpg\" class=\"js-single-image-lightbox\"><img decoding=\"async\" src=\"https:\/\/www.physio-network.com\/wp-content\/uploads\/2026\/02\/1-iStock-1198608317-1-scaled-e1770253730601.jpg\" alt=\"image\"><\/a><\/p>\n<p>&nbsp;<\/p>\n<h4>\u00c9valuation objective : une capacit\u00e9 en retard sur la gu\u00e9rison<\/h4>\n<p>\u00c0 l\u2019examen :<\/p>\n<ul>\n<li class=\"text\">L\u2019extension du poignet \u00e9tait limit\u00e9e d\u2019environ 20\u00b0 par rapport au c\u00f4t\u00e9 oppos\u00e9,<\/li>\n<li class=\"text\">La supination \u00e9tait l\u00e9g\u00e8rement limit\u00e9e,<\/li>\n<li class=\"text\">La force de pr\u00e9hension \u00e9tait d\u2019environ 55 % par rapport au c\u00f4t\u00e9 controlat\u00e9ral,<\/li>\n<li class=\"text\">Une douleur \u00e9tait pr\u00e9sente lors de la mise en charge en cha\u00eene ferm\u00e9e (position quadrup\u00e9dique),<\/li>\n<li class=\"text\">La cicatrice pr\u00e9sentait une bonne cicatrisation, sans \u0153d\u00e8me,<\/li>\n<li class=\"text\">La prioception du poignet \u00e9tait mauvaise lors des mouvements rapides.<\/li>\n<\/ul>\n<p class=\"text\">Les drapeaux rouges ont \u00e9t\u00e9 exclus. Aucun signe de rupture tendineuse ni d\u2019atteinte nerveuse. Ce n\u2019\u00e9tait plus un probl\u00e8me de cicatrisation. C\u2019\u00e9tait un probl\u00e8me de capacit\u00e9 et de confiance.<\/p>\n<p>&nbsp;<\/p>\n<h4>Quand la recherche a chang\u00e9 mon approche<\/h4>\n<p class=\"text\">Deux revues de litt\u00e9rature de Physio Network ont fortement influenc\u00e9 la mani\u00e8re dont j\u2019ai g\u00e9r\u00e9 la r\u00e9\u00e9ducation de Arpan, en particulier l\u2019\u00e9quilibre entre protection du tissu en cicatrisation et restauration de la fonction sportive.<\/p>\n<p class=\"text\"><a href=\"https:\/\/www.physio-network.com\/fr\/research-reviews\/wrist-hand\/effets-globaux-et-moderateurs-de-la-reeducation-chez-les-patients-souffrant-dune-fracture-du-poignet-revue-systematique\/\"><em>Revue n\u00b01 \u2013 R\u00e9\u00e9ducation des fractures du poignet \u2013 effets et facteurs mod\u00e9rateurs, par le Dr Ian Gatt<\/em><\/a><\/p>\n<p class=\"text\">Cette revue a fortement influenc\u00e9 mes d\u00e9cisions pr\u00e9coces dans la prise en charge de Arpan, en rappelant que la r\u00e9\u00e9ducation apr\u00e8s fracture du poignet ne se pr\u00eate pas \u00e0 des protocoles rigides.<\/p>\n<p class=\"text\">Bien que la r\u00e9duction de la douleur et le retour \u00e0 la fonction restent les objectifs principaux, les donn\u00e9es montrent une grande variabilit\u00e9 des r\u00e9sultats et peu de clart\u00e9 concernant la dose optimale d\u2019exercice et la progression. Plut\u00f4t que de recourir par d\u00e9faut \u00e0 des modalit\u00e9s passives, que la revue sugg\u00e8re comme ayant peu de b\u00e9n\u00e9fices, j\u2019ai privil\u00e9gi\u00e9 une mobilisation pr\u00e9coce et progressive ainsi qu\u2019un programme structur\u00e9 \u00e0 domicile, soutenu par des s\u00e9ances supervis\u00e9es cibl\u00e9es.<\/p>\n<p class=\"text\">Cette approche correspondait bien au mode de vie de Arpan, favorisait son implication dans la r\u00e9\u00e9ducation et me permettait d\u2019individualiser la charge \u00e0 partir de marqueurs objectifs tels que la force de pr\u00e9hension, la tol\u00e9rance \u00e0 la mise en charge et les t\u00e2ches fonctionnelles, plut\u00f4t que de me baser uniquement sur la fr\u00e9quence des consultations.<\/p>\n<p class=\"text\">Un message cl\u00e9 ressortait clairement : une immobilisation prolong\u00e9e ou une sur-protection retarde la r\u00e9cup\u00e9ration fonctionnelle. Pour Arpan, cela signifiait que nous avions d\u00e9j\u00e0 suffisamment attendu.<\/p>\n<p class=\"text\"><a href=\"https:\/\/www.physio-network.com\/fr\/research-reviews\/wrist-hand\/limpact-des-fractures-du-poignet-sur-la-performance-a-long-terme-au-basketball\/\"><em>Revue n\u00b02 \u2013 Impact \u00e0 long terme des fractures du poignet sur la performance au basketball, par le Dr Ian Gatt<\/em><\/a><\/p>\n<p class=\"text\">Cette revue a modifi\u00e9 la mani\u00e8re dont j\u2019ai pr\u00e9sent\u00e9 les attentes de retour au sport \u00e0 Arpan.<\/p>\n<p class=\"text\">Bien que les joueurs de basketball semblent souvent retrouver leurs indicateurs de performance classiques apr\u00e8s une fracture du poignet, des analyses plus approfondies sugg\u00e8rent des diminutions subtiles mais significatives de l\u2019efficacit\u00e9, probablement influenc\u00e9es \u00e0 la fois par des limitations physiques et par des facteurs psychologiques tels qu\u2019une confiance r\u00e9duite ou un jeu plus prudent.<\/p>\n<p class=\"text\">Cette observation m\u2019a pouss\u00e9 \u00e0 aller au-del\u00e0 d\u2019une amplitude indolore et de simples rep\u00e8res de force. Avec Arpan, nous avons prioris\u00e9 l\u2019efficacit\u00e9 sp\u00e9cifique au sport : un d\u00e9clenchement de tir plus rapide sous fatigue, des exercices r\u00e9p\u00e9t\u00e9s de maniement du ballon et des situations de contact contr\u00f4l\u00e9 pour reconstruire la prise de d\u00e9cision. Nous avons \u00e9galement parl\u00e9 ouvertement de la peur, de l\u2019h\u00e9sitation et de la confiance dans le poignet, en reconnaissant que le v\u00e9ritable retour \u00e0 la performance ne repose pas seulement sur des chiffres, mais sur la mani\u00e8re dont un athl\u00e8te utilise \u00e0 nouveau son membre bless\u00e9 avec confiance et efficacit\u00e9.<\/p>\n<p>&nbsp;<\/p>\n<h4>Strat\u00e9gie de r\u00e9\u00e9ducation : transformer les donn\u00e9es en action<\/h4>\n<p class=\"text\">Le message \u00e9tait simple : \u00ab Votre poignet n\u2019est pas faible parce qu\u2019il a \u00e9t\u00e9 cass\u00e9. Il est faible parce qu\u2019on ne lui a pas encore demand\u00e9 de travailler. \u00bb<\/p>\n<p class=\"text\">Voici le plan de r\u00e9\u00e9ducation en trois phases que nous avons mis en place :<\/p>\n<p class=\"aligncentre\"><a href=\"https:\/\/www.physio-network.com\/wp-content\/uploads\/2026\/02\/update-oRukbPZf-e1770615874296.png\" class=\"js-single-image-lightbox\"><img decoding=\"async\" src=\"https:\/\/www.physio-network.com\/wp-content\/uploads\/2026\/02\/update-oRukbPZf-e1770615874296.png\" alt=\"image\"><\/a><\/p>\n<p class=\"text\" style=\"text-align: left;\"><span style=\"text-decoration: underline;\"><strong>Retour au sport sans danger<\/strong><\/span><\/p>\n<p class=\"text\">Les crit\u00e8res de reprise du basketball comprenaient :<\/p>\n<ul>\n<li>Amplitude articulaire du poignet sans douleur,<\/li>\n<li>\u2265 90 % de sym\u00e9trie de force de pr\u00e9hension,<\/li>\n<li>Tol\u00e9rance \u00e0 la mise en charge compl\u00e8te,<\/li>\n<li>Absence d\u2019appr\u00e9hension lors de la r\u00e9ception du ballon ou d\u2019une chute,<\/li>\n<li>Confiance lors des exercices sp\u00e9cifiques au sport.<\/li>\n<\/ul>\n<p class=\"text\">Arpan a repris l\u2019entra\u00eenement sans contact environ 5 mois apr\u00e8s l\u2019op\u00e9ration, et la participation compl\u00e8te au basketball s\u2019est faite plus pr\u00e8s de 6 mois post-op\u00e9ratoires, dans les d\u00e9lais soutenus par les donn\u00e9es scientifiques pour les athl\u00e8tes \u00e0 forte exigence.<\/p>\n<h4>Conclusion<\/h4>\n<p class=\"text\">Le cas de Arpan m\u2019a rappel\u00e9 que gu\u00e9rison et r\u00e9cup\u00e9ration ne sont pas la m\u00eame chose. Les os gu\u00e9rissent selon un calendrier biologique, tandis que la confiance se reconstruit par l\u2019exp\u00e9rience. Sur-prot\u00e9ger les athl\u00e8tes retarde souvent leur retour plus que ne le ferait une mise en charge pr\u00e9coce et intelligente.<\/p>\n<p class=\"text\">La recherche ne m\u2019a pas seulement guid\u00e9 dans mes choix d\u2019exercices : elle m\u2019a donn\u00e9 les mots pour rassurer, \u00e9duquer et remettre en question certaines croyances limitantes. Lorsque Arpan m\u2019a envoy\u00e9 une vid\u00e9o de son premier match de reprise, sa l\u00e9gende disait tout :<br \/>\n\u00ab Je n\u2019ai pas pens\u00e9 \u00e0 mon poignet une seule fois. \u00bb<br \/>\nC\u2019est \u00e7a, la r\u00e9ussite.<\/p>\n<p class=\"text\">Vous souhaitez voir plus de donn\u00e9es de la recherche expliqu\u00e9es en d\u00e9cisions pratiques de r\u00e9\u00e9ducation comme celle-ci ? Abonnez-vous aux <a href=\"https:\/\/www.physio-network.com\/fr\/research-reviews\/\">revues de litt\u00e9rature de Physio Network<\/a> et recevez des donn\u00e9es scientifiques cliniquement pertinentes que vous pouvez appliquer imm\u00e9diatement, sans \u00eatre submerg\u00e9.<\/p>\n","protected":false},"excerpt":{"rendered":"<p>Ce que vous pensez \u00eatre utile\u2026 vous ralentit en r\u00e9alit\u00e9. Arpan ne s\u2019attendait pas \u00e0 ce qu\u2019une fracture du poignet fasse d\u00e9railler sa saison. \u00c0&#8230;<\/p>\n","protected":false},"author":43296,"featured_media":15719,"comment_status":"open","ping_status":"closed","sticky":false,"template":"","format":"standard","meta":{"_acf_changed":false,"footnotes":""},"categories":[551],"tags":[],"class_list":["post-15712","post","type-post","status-publish","format-standard","has-post-thumbnail","hentry","category-poignet-main"],"acf":[],"_links":{"self":[{"href":"https:\/\/www.physio-network.com\/fr\/wp-json\/wp\/v2\/posts\/15712","targetHints":{"allow":["GET"]}}],"collection":[{"href":"https:\/\/www.physio-network.com\/fr\/wp-json\/wp\/v2\/posts"}],"about":[{"href":"https:\/\/www.physio-network.com\/fr\/wp-json\/wp\/v2\/types\/post"}],"author":[{"embeddable":true,"href":"https:\/\/www.physio-network.com\/fr\/wp-json\/wp\/v2\/users\/43296"}],"replies":[{"embeddable":true,"href":"https:\/\/www.physio-network.com\/fr\/wp-json\/wp\/v2\/comments?post=15712"}],"version-history":[{"count":5,"href":"https:\/\/www.physio-network.com\/fr\/wp-json\/wp\/v2\/posts\/15712\/revisions"}],"predecessor-version":[{"id":15721,"href":"https:\/\/www.physio-network.com\/fr\/wp-json\/wp\/v2\/posts\/15712\/revisions\/15721"}],"wp:featuredmedia":[{"embeddable":true,"href":"https:\/\/www.physio-network.com\/fr\/wp-json\/wp\/v2\/media\/15719"}],"wp:attachment":[{"href":"https:\/\/www.physio-network.com\/fr\/wp-json\/wp\/v2\/media?parent=15712"}],"wp:term":[{"taxonomy":"category","embeddable":true,"href":"https:\/\/www.physio-network.com\/fr\/wp-json\/wp\/v2\/categories?post=15712"},{"taxonomy":"post_tag","embeddable":true,"href":"https:\/\/www.physio-network.com\/fr\/wp-json\/wp\/v2\/tags?post=15712"}],"curies":[{"name":"wp","href":"https:\/\/api.w.org\/{rel}","templated":true}]}}