{"id":8291,"date":"2022-09-07T12:59:44","date_gmt":"2022-09-07T12:59:44","guid":{"rendered":"https:\/\/www.physio-network.com\/fr\/blog\/"},"modified":"2022-10-21T16:43:31","modified_gmt":"2022-10-21T16:43:31","slug":"methodes-traitement-fasciite-plantaire","status":"publish","type":"post","link":"https:\/\/www.physio-network.com\/fr\/blog\/methodes-traitement-fasciite-plantaire\/","title":{"rendered":"5 m\u00e9thodes pour prendre en charge la fasciite plantaire"},"content":{"rendered":"<p>La fasciite plantaire (aussi appel\u00e9e fasciapathie plantaire ou apon\u00e9vrosite plantaire) est la pathologie li\u00e9e \u00e0 la surutilisation du pied la plus courante. Elle est caract\u00e9ris\u00e9e par une douleur au niveau du talon et de la voute plantaire. Habituellement, la douleur est plus importante lors des premiers pas au lever ou apr\u00e8s une p\u00e9riode de repos. Cette pathologie est plus courante chez les personnes s\u00e9dentaires, mais elle peut repr\u00e9senter 8% des blessures li\u00e9es \u00e0 la course \u00e0 pied (1).<\/p>\n<p>Diff\u00e9rentes interventions sont utilis\u00e9es pour le traitement de la fasciite plantaire (FP). Que cela soit l\u2019utilisation d\u2019un rouleau de massage pour le fascia plantaire, l\u2019achat d\u2019orth\u00e8ses, en passant par la perte de poids, toutes ces interventions sont vendues comme \u00e9tant la solution au probl\u00e8me. Une revue syst\u00e9matique r\u00e9cente a entra\u00een\u00e9 quelques controverses sur les r\u00e9seaux sociaux, car elle ne recommandait pas le recours \u00e0 un renforcement progressif dans le programme de base pour le traitement de la FP en raison de l\u2019absence d\u2019\u00e9tudes de haute qualit\u00e9 (2). Au lieu de cela, les \u00e9tirements, le taping du pied et l\u2019\u00e9ducation \u00e9taient recommand\u00e9s comme traitement de base, tout comme l\u2019adaptation de la charge, les conseils relatifs au chaussage et la prise en charge de probl\u00e9matiques associ\u00e9es telles que l\u2019IMC.<\/p>\n<p>Le but de ce blog est de lever certaines confusions et pr\u00e9senter 5 m\u00e9thodes permettant de prendre en charge la FP, se basant sur les <a href=\"https:\/\/www.physio-network.com\/fr\/research-reviews\/\">revues de litt\u00e9rature de Physionetwork<\/a>.<\/p>\n<p>&nbsp;<\/p>\n<p><strong>1. Renforcement<\/strong><\/p>\n<p>Passez un peu de temps sur Instagram et vous en conclurez probablement que le renforcement du fascia plantaire et des mollets est la r\u00e9ponse \u00e0 la FP. L\u2019explication habituelle est que la charge exc\u00e8de la capacit\u00e9 du fascia plantaire \u00e0 faire face et cela entra\u00eene une douleur. Par cons\u00e9quent, augmenter sa capacit\u00e9 afin de tol\u00e9rer plus de charge r\u00e9duira la douleur avec le temps. Le renforcement est sans doute devenu populaire dans le traitement de la FP en raison des b\u00e9n\u00e9fices dus au renforcement \u00e0 charge \u00e9lev\u00e9e et vitesse lente (HSR) [<em>heavy slow resistance<\/em>] lors de tendinopathies et les similarit\u00e9s qu\u2019il existe entre leurs pr\u00e9sentations symptomatiques.<\/p>\n<p>Dans une \u00e9tude analys\u00e9e par Tom Goom dans les <a href=\"https:\/\/www.physio-network.com\/fr\/research-reviews\/\">revues de litt\u00e9rature de Physionetwork<\/a>, 70 patients avec une FP ont \u00e9t\u00e9 randomis\u00e9s et assign\u00e9s \u00e0 un groupe r\u00e9alisant un programme dos\u00e9 par le patient de HSR ou \u00e0 un groupe r\u00e9alisant un programme pr\u00e9d\u00e9termin\u00e9 de HSR. Les s\u00e9ances \u00e9taient r\u00e9alis\u00e9es un jour sur deux pendant 12 semaines, associ\u00e9es \u00e0 de l\u2019\u00e9ducation et au port d\u2019une talonnette. Le groupe avec le programme dos\u00e9 par le patient a r\u00e9alis\u00e9 le plus de s\u00e9ries possibles, avec le plus de charge possible, mais moins lourd que leur 8RM (r\u00e9p\u00e9titions maximales). Le groupe ayant le programme pr\u00e9d\u00e9termin\u00e9 a r\u00e9alis\u00e9 un protocole bien d\u00e9fini entre 12RM et 8RM.<\/p>\n<p>Il n\u2019y avait pas de diff\u00e9rence statistiquement significative \u00e0 12 semaines entre les deux groupes pour aucun des crit\u00e8res de jugement. Quatre patients seulement ont connu une am\u00e9lioration suffisante pour atteindre un niveau de sympt\u00f4mes acceptable. Cela ne signifie pas que le renforcement ne joue pas de r\u00f4le dans le traitement de la FP. Cela voudrait peut-\u00eatre juste dire que votre patient marathonien et votre patient \u00e2g\u00e9 et s\u00e9dentaire n\u2019auront pas besoin du m\u00eame traitement (c.-\u00e0-d. soulever du poids). Lorsqu\u2019il est utilis\u00e9 en conjonction avec l\u2019\u00e9ducation, les \u00e9tirements et le taping, le renforcement pourrait toujours \u00eatre une intervention adapt\u00e9e pour les individus qui aiment en faire ou qui veulent reprendre le sport.<\/p>\n<p>&nbsp;<\/p>\n<p><strong>2. \u00c9tirements<\/strong><\/p>\n<p>De mani\u00e8re traditionnelle, les \u00e9tirements ont \u00e9t\u00e9 recommand\u00e9s comme strat\u00e9gie de traitement pour la FP. Cela pourrait \u00eatre d\u00fb \u00e0 la diminution de la dorsiflexion de cheville qui est couramment observ\u00e9e dans cette population. Dans un article r\u00e9dig\u00e9 pour les <a href=\"https:\/\/www.physio-network.com\/fr\/research-reviews\/\">revues de litt\u00e9rature de Physionetwork<\/a>, Tom Goom a cherch\u00e9 \u00e0 d\u00e9terminer la relation entre la raideur des gastrocn\u00e9miens et la s\u00e9v\u00e9rit\u00e9 des sympt\u00f4mes dans la FP.<\/p>\n<p>33 patients avec une FP ont r\u00e9alis\u00e9 3&#215;15 r\u00e9p\u00e9titions du protocole excentrique modifi\u00e9 d\u2019Aldredson (genou maintenu en extension pour cibler les gastrocn\u00e9miens), deux fois par jour. On a aussi donn\u00e9 aux patients des chaussettes \u00ab\u00a0<em>Strassburg sock<\/em>\u00a0\u00bb (type d\u2019orth\u00e8se \u00e0 porter la nuit) ou une attelle de nuit si les sympt\u00f4mes \u00e9taient s\u00e9v\u00e8res, surtout le matin. Les crit\u00e8res de jugement incluaient l\u2019EVA pour les douleurs lors des premiers pas le matin et les amplitudes de cheville. Ils ont \u00e9t\u00e9 enregistr\u00e9s lors du bilan initial, \u00e0 6 semaines, et \u00e0 3, 6 et 9 mois.<\/p>\n<p class=\"aligncentre\" style=\"text-align: center;\"><a href=\"https:\/\/www.physio-network.com\/fr\/wp-content\/uploads\/sites\/3\/2022\/09\/2fr.jpg\" class=\"js-single-image-lightbox\"><img decoding=\"async\" src=\"https:\/\/www.physio-network.com\/fr\/wp-content\/uploads\/sites\/3\/2022\/09\/2fr.jpg\" alt=\"image\"><\/a><\/p>\n<p>Il y a eu une am\u00e9lioration importante de la raideur des gastrocn\u00e9miens et de la douleur. On a aussi trouv\u00e9 une forte corr\u00e9lation statistiquement significative entre la raideur des gastrocn\u00e9miens et la s\u00e9v\u00e9rit\u00e9 des douleurs du talon.<\/p>\n<p>Maintenant, si vous pensez\u00a0ceci : \u00ab\u00a0leur programme d\u2019exercices n\u2019\u00e9tait-il pas davantage un programme de mise en charge plut\u00f4t qu\u2019un programme d\u2019\u00e9tirements\u00a0?\u00a0\u00bb\u2026 eh bien, vous avez raison. Nous ne pouvons pas recommander le recours aux \u00e9tirements statiques et dynamiques en nous basant sur un protocole qui a probablement contribu\u00e9 \u00e0 allonger et renforcer aussi les gastrocn\u00e9miens. N\u00e9anmoins, la revue syst\u00e9matique recommande que les \u00e9tirements soient \u00ab\u00a0appliqu\u00e9s de mani\u00e8re universelle\u00a0\u00bb pour tous les patients ayant une FP (2). Le type, la dur\u00e9e et la fr\u00e9quence des \u00e9tirements devraient \u00eatre adapt\u00e9s de mani\u00e8re individuelle.<\/p>\n<p>&nbsp;<\/p>\n<p><strong>3. Semelles<\/strong><\/p>\n<p>Les semelles g\u00e9n\u00e8rent beaucoup de d\u00e9bats concernant leur utilisation lors du traitement de la FP. Un podologue vous dirait peut-\u00eatre qu\u2019elles sont essentielles, alors qu\u2019un kin\u00e9 n\u2019envisagerait m\u00eame pas leur utilisation.<\/p>\n<p>Dans une \u00e9tude faisant l\u2019objet d\u2019une discussion dans <a href=\"https:\/\/www.physio-network.com\/fr\/review\/comparaison-entre-lutilisation-de-semelles-sur-mesures-de-semelles-factices-et-la-prise-en-charge-habituelle-du-medecin-generaliste-chez-des-patient%e2%88%99e%e2%88%99s-souffrant-de-douleurs-au-tal\/\">cette revue de litt\u00e9rature<\/a> r\u00e9dig\u00e9e par Ian Griffiths, les auteurs ont conduit un ECR en double aveugle comparant des semelles sur mesure aux soins habituellement propos\u00e9s par les m\u00e9decins g\u00e9n\u00e9ralistes chez 185 patients avec une FP. Les participants ont \u00e9t\u00e9 randomis\u00e9s en 3 groupes. Le groupe 1 a \u00e9t\u00e9 r\u00e9f\u00e9r\u00e9 vers un podologue pour r\u00e9aliser des semelles sur mesure, le groupe 2 a \u00e9t\u00e9 r\u00e9f\u00e9r\u00e9 vers un podologue pour r\u00e9aliser des semelles factices et le groupe 3 \u00e9tait celui recevant les soins habituellement propos\u00e9s par le m\u00e9decin g\u00e9n\u00e9raliste (incluant les infiltrations de corticost\u00e9ro\u00efdes). Les 3 groupes ont re\u00e7u des informations concernant la FP en plus d\u2019exercices d\u2019\u00e9tirement et de renforcement.<\/p>\n<p class=\"aligncentre\" style=\"text-align: center;\"><a href=\"https:\/\/www.physio-network.com\/fr\/wp-content\/uploads\/sites\/3\/2022\/09\/4fr.jpg\" class=\"js-single-image-lightbox\"><img decoding=\"async\" src=\"https:\/\/www.physio-network.com\/fr\/wp-content\/uploads\/sites\/3\/2022\/09\/4fr.jpg\" alt=\"image\"><\/a><\/p>\n<p>Il est int\u00e9ressant de noter qu\u2019\u00e0 12 semaines, le groupe \u00ab\u00a0m\u00e9decin g\u00e9n\u00e9raliste\u00a0\u00bb a connu une am\u00e9lioration sup\u00e9rieure comparativement au groupe \u00ab\u00a0semelles sur mesure\u00a0\u00bb. De plus, on n\u2019a trouv\u00e9 aucune diff\u00e9rence significative entre les groupes \u00ab\u00a0semelles sur mesure\u00a0\u00bb et \u00ab\u00a0semelles factices\u00a0\u00bb.<\/p>\n<p>Consid\u00e9rant les limites de l\u2019\u00e9tude (que vous pouvez consulter <a href=\"https:\/\/www.physio-network.com\/fr\/review\/comparaison-entre-lutilisation-de-semelles-sur-mesures-de-semelles-factices-et-la-prise-en-charge-habituelle-du-medecin-generaliste-chez-des-patient%e2%88%99e%e2%88%99s-souffrant-de-douleurs-au-tal\/\">ici<\/a>), il serait malavis\u00e9 de ne jamais envisager l\u2019utilisation de semelles pour les patients avec une FP. Comme cela a \u00e9t\u00e9 sugg\u00e9r\u00e9 par Morrissey et ses coll\u00e8gues (2021), les semelles sur mesure pourraient constituer un adjuvant au traitement apr\u00e8s 4-6 semaines d\u2019un traitement de base, tel qu\u2019il est recommand\u00e9 (\u00e9ducation, \u00e9tirements et taping) (2).<\/p>\n<p>&nbsp;<\/p>\n<p><strong>4. Chaussage<\/strong><\/p>\n<p>Le changement de chaussures constitue une m\u00e9thode simple pour modifier les sympt\u00f4mes des patients ayant une FP. Cependant, il n\u2019existe actuellement aucune preuve sugg\u00e9rant quels sont les meilleurs mod\u00e8les de chaussures pour aider \u00e0 diminuer les sympt\u00f4mes. Dans <a href=\"https:\/\/www.physio-network.com\/fr\/research-reviews\/ankle-foot\/comparaison-entre-lutilisation-de-semelles-sur-mesures-de-semelles-factices-et-la-prise-en-charge-habituelle-du-medecin-generaliste-chez-des-patient%e2%88%99e%e2%88%99s-souffrant-de-douleurs-au-tal\/\">cette revue de litt\u00e9rature<\/a>, Ian Griffiths a explor\u00e9 un article cherchant \u00e0 d\u00e9terminer si l\u2019utilisation de chaussures maximalistes pour la course \u00e0 pied pouvait \u00eatre int\u00e9gr\u00e9e dans le protocole de prise en charge de la FP et si cela avait un impact mesurable comparativement \u00e0 des chaussures de course \u00e0 pied classiques.<\/p>\n<p>38 patients ayant des douleurs unilat\u00e9rales au talon depuis 1 \u00e0 6 mois et un \u00e9paississement (confirm\u00e9 par une \u00e9chographie) du fascia plantaire ont \u00e9t\u00e9 recrut\u00e9s et ont particip\u00e9 \u00e0 cette \u00e9tude. Les patients ont \u00e9t\u00e9 assign\u00e9s de mani\u00e8re al\u00e9atoire au groupe \u00ab\u00a0chaussures maximalistes\u00a0\u00bb (plus amortissantes gr\u00e2ce \u00e0 l\u2019\u00e9paisseur plus importante de la semelle interm\u00e9diaire) ou au groupe \u00ab\u00a0chaussures standard\u00a0\u00bb. Tous les participants ont aussi re\u00e7u des conseils concernant les \u00e9tirements, l\u2019attelle de nuit, l\u2019eau glac\u00e9e et les anti-inflammatoires non st\u00e9ro\u00efdiens pour 10-14 jours. L\u2019\u00e9tude a dur\u00e9 12 semaines et une \u00e9chographie ainsi qu\u2019une mesure de l\u2019EVA ont \u00e9t\u00e9 r\u00e9alis\u00e9es apr\u00e8s l\u2019\u00e9tude.<\/p>\n<p class=\"aligncentre\" style=\"text-align: center;\"><a href=\"https:\/\/www.physio-network.com\/fr\/wp-content\/uploads\/sites\/3\/2022\/09\/3fr.jpg\" class=\"js-single-image-lightbox\"><img decoding=\"async\" src=\"https:\/\/www.physio-network.com\/fr\/wp-content\/uploads\/sites\/3\/2022\/09\/3fr.jpg\" alt=\"image\"><\/a><\/p>\n<p>Il y a eu une diminution de la moyenne de l\u2019\u00e9paisseur du fascia plantaire chez les deux groupes, \u00ab\u00a0maximalistes\u00a0\u00bb et \u00ab\u00a0standard\u00a0\u00bb, mais elle n\u2019\u00e9tait pas statistiquement significative. Cependant, une diff\u00e9rence statistiquement significative a \u00e9t\u00e9 observ\u00e9e entre les groupes\u00a0: le groupe \u00ab\u00a0maximaliste\u00a0\u00bb a eu une plus grande diminution de la douleur comparativement au groupe \u00ab\u00a0standard\u00a0\u00bb.<\/p>\n<p>Faire des recommandations sp\u00e9cifiques relatives au design id\u00e9al des chaussures reste incertain. Cependant, d\u2019apr\u00e8s cette \u00e9tude, il semblerait que prendre en compte le chaussage constitue toujours un outil utile pour modifier les sympt\u00f4mes. Cette \u00e9tude comportait plusieurs limites, que vous pouvez consulter <a href=\"https:\/\/www.physio-network.com\/fr\/research-reviews\/ankle-foot\/comparaison-entre-lutilisation-de-semelles-sur-mesures-de-semelles-factices-et-la-prise-en-charge-habituelle-du-medecin-generaliste-chez-des-patient%e2%88%99e%e2%88%99s-souffrant-de-douleurs-au-tal\/\">ici<\/a>.<\/p>\n<p>&nbsp;<\/p>\n<p><strong>5. Infiltrations<\/strong><\/p>\n<p>Les infiltrations de corticost\u00e9ro\u00efdes (ICS) ont \u00e9t\u00e9 utilis\u00e9es pour traiter les FP malgr\u00e9 le risque accru de rupture du fascia plantaire. Dans les <a href=\"https:\/\/www.physio-network.com\/fr\/research-reviews\/\">revues de litt\u00e9ratures de Physionetwork<\/a>, Tom Goom a explor\u00e9 une \u00e9tude visant \u00e0 \u00e9valuer l\u2019effet du traitement des ICS, du renforcement et d\u2019une combinaison des deux.<\/p>\n<p>Les auteurs ont recrut\u00e9 90 participants qui ont \u00e9t\u00e9 assign\u00e9s de mani\u00e8re al\u00e9atoire \u00e0 un des trois groupes. Le groupe \u00ab\u00a0ICS \u00bb a re\u00e7u une infiltration par mois jusqu\u2019\u00e0 ce que l\u2019\u00e9paisseur du fascia plantaire soit inf\u00e9rieure \u00e0 4 mm. Le groupe \u00ab\u00a0renforcement\u00a0\u00bb a r\u00e9alis\u00e9 des mont\u00e9es sur la pointe des pieds, des contractions r\u00e9sist\u00e9es (incluant la flexion du gros orteil et l\u2019inversion de cheville) ainsi que des \u00e9tirements du mollet et du fascia plantaire. Le troisi\u00e8me groupe a r\u00e9alis\u00e9 une combinaison des deux.<\/p>\n<p>L\u2019index fonctionnel du pied [<em>Foot Function Index<\/em>], la douleur lors du premier pas le matin et la douleur moyenne durant la fonction ont \u00e9t\u00e9 \u00e9valu\u00e9s initialement et \u00e0 3, 6, 12 et 24 mois. Il y a eu des am\u00e9liorations significatives \u00e0 6 semaines concernant la douleur durant la fonction et l\u2019index fonctionnel du pied, la plus forte am\u00e9lioration ayant \u00e9t\u00e9 observ\u00e9e dans le groupe combinant les deux traitements. Les auteurs ont conclu que les ICS et le renforcement constituent le meilleur traitement pour la FP, malgr\u00e9 des preuves dont la qualit\u00e9 globale est faible. Il serait avis\u00e9 d\u2019envisager le recours aux infiltrations comme une option tardive, dans le cas o\u00f9 les sympt\u00f4mes ne diminueraient pas avec le traitement de base d\u00e9crit par Morrissey et ses coll\u00e8gues (2).<\/p>\n<p><strong>Pour r\u00e9sumer<\/strong><\/p>\n<p>Ce blog a pr\u00e9sent\u00e9 5 m\u00e9thodes pour prendre en charge la FP. D\u2019autres \u00e9l\u00e9ments consid\u00e9r\u00e9s comme \u00e9tant importants \u00e0 envisager dans le traitement de la FP mais qui ne sont pas abord\u00e9s ici incluent le taping, la perte de poids, l\u2019\u00e9ducation et la modification des activit\u00e9s. Nous r\u00e9aliserons peut-\u00eatre une deuxi\u00e8me partie dans laquelle nous explorerons cela\u00a0!<\/p>\n","protected":false},"excerpt":{"rendered":"<p>La fasciite plantaire (aussi appel\u00e9e fasciapathie plantaire ou apon\u00e9vrosite plantaire) est la pathologie li\u00e9e \u00e0 la surutilisation du pied la plus courante. Elle est caract\u00e9ris\u00e9e&#8230;<\/p>\n","protected":false},"author":29134,"featured_media":8290,"comment_status":"open","ping_status":"closed","sticky":false,"template":"","format":"standard","meta":{"_acf_changed":false,"footnotes":""},"categories":[552],"tags":[1708,1710,1660,1707,1706,1711,593,1709],"class_list":["post-8291","post","type-post","status-publish","format-standard","has-post-thumbnail","hentry","category-cheville-pied","tag-aponevrosite","tag-chaussage","tag-etirements","tag-fasciapathie","tag-fasciite","tag-infiltrations","tag-renforcement","tag-semelles"],"acf":[],"_links":{"self":[{"href":"https:\/\/www.physio-network.com\/fr\/wp-json\/wp\/v2\/posts\/8291","targetHints":{"allow":["GET"]}}],"collection":[{"href":"https:\/\/www.physio-network.com\/fr\/wp-json\/wp\/v2\/posts"}],"about":[{"href":"https:\/\/www.physio-network.com\/fr\/wp-json\/wp\/v2\/types\/post"}],"author":[{"embeddable":true,"href":"https:\/\/www.physio-network.com\/fr\/wp-json\/wp\/v2\/users\/29134"}],"replies":[{"embeddable":true,"href":"https:\/\/www.physio-network.com\/fr\/wp-json\/wp\/v2\/comments?post=8291"}],"version-history":[{"count":7,"href":"https:\/\/www.physio-network.com\/fr\/wp-json\/wp\/v2\/posts\/8291\/revisions"}],"predecessor-version":[{"id":9654,"href":"https:\/\/www.physio-network.com\/fr\/wp-json\/wp\/v2\/posts\/8291\/revisions\/9654"}],"wp:featuredmedia":[{"embeddable":true,"href":"https:\/\/www.physio-network.com\/fr\/wp-json\/wp\/v2\/media\/8290"}],"wp:attachment":[{"href":"https:\/\/www.physio-network.com\/fr\/wp-json\/wp\/v2\/media?parent=8291"}],"wp:term":[{"taxonomy":"category","embeddable":true,"href":"https:\/\/www.physio-network.com\/fr\/wp-json\/wp\/v2\/categories?post=8291"},{"taxonomy":"post_tag","embeddable":true,"href":"https:\/\/www.physio-network.com\/fr\/wp-json\/wp\/v2\/tags?post=8291"}],"curies":[{"name":"wp","href":"https:\/\/api.w.org\/{rel}","templated":true}]}}